{"id":1347,"date":"2026-08-31T14:40:25","date_gmt":"2026-08-31T14:40:25","guid":{"rendered":"https:\/\/musiikkiarkisto.fi\/ap\/?p=1347"},"modified":"2026-08-31T14:40:25","modified_gmt":"2026-08-31T14:40:25","slug":"arets-arkivgarning-2026","status":"publish","type":"post","link":"https:\/\/musiikkiarkisto.fi\/ap\/index.php\/2026\/08\/31\/arets-arkivgarning-2026\/","title":{"rendered":"\u00c5rets Arkivg\u00e4rning 2026"},"content":{"rendered":"\n<p class=\"wp-block-paragraph\"><strong>\u201dArkiven och medborgarsamh\u00e4llet\u201d \u2013 Arkivens dag 2026<\/strong><\/p>\n\n\n\n<p class=\"wp-block-paragraph\">Vi bjuder in alla arkiv i Finland till att arrangera program och evenemang f\u00f6r att uppm\u00e4rksamma firandet av Arkivens dag 2026.<\/p>\n\n\n\n<p class=\"wp-block-paragraph\">\u00c5rets tema \u00e4r \u201dArkiven och medborgarsamh\u00e4llet\u201d. Temat f\u00f6r Arkivens dag kan tolkas brett och till\u00e4mpas fritt fr\u00e5n arkivens egna utg\u00e5ngspunkter. Endast fantasin s\u00e4tter gr\u00e4nser!<\/p>\n\n\n\n<p class=\"wp-block-paragraph\">Arkivens dag firas 14.11.2026. Datumet \u00e4r inte bindande \u2013 det g\u00e5r bra att fira dagen p\u00e5 en vardag under samma eller f\u00f6ljande vecka.&nbsp;<\/p>\n\n\n\n<p class=\"wp-block-paragraph\"><strong>\u00c5rets arkivg\u00e4rning 2026<\/strong><\/p>\n\n\n\n<p class=\"wp-block-paragraph\">Med utlysandet av \u00c5rets arkivg\u00e4rning vill vi lyfta fram f\u00f6r arkiven v\u00e4rdefulla g\u00e4rningar samt premiera och uppmuntra aktivitet, bra ideer och konkret arkivarbete. Ocks\u00e5 sm\u00e5 men goda insatser \u00e4r v\u00e4rda att omn\u00e4mnas!<\/p>\n\n\n\n<p class=\"wp-block-paragraph\">P\u00e5verka och f\u00f6resl\u00e5! Det kan g\u00e4lla personer eller grupper som under det senaste \u00e5ret t.ex. har:<\/p>\n\n\n\n<ul class=\"wp-block-list\">\n<li>\u00f6verl\u00e5tit betydelsefullt arkivmaterial<\/li>\n\n\n\n<li>anordnat ett intressant arkivrelaterat evenemang<\/li>\n\n\n\n<li>utvecklat arbetsmetoder inom arkivbranschen<\/li>\n\n\n\n<li>befr\u00e4mjat anv\u00e4ndningen av och k\u00e4nnedomen om arkivmaterial<\/li>\n\n\n\n<li>befr\u00e4mjat arkivvetenskaplig forskning eller utbildning<\/li>\n\n\n\n<li>befr\u00e4mjat k\u00e4nnedomen om arkivbranschen<\/li>\n<\/ul>\n\n\n\n<p class=\"wp-block-paragraph\">\u00c5rets arkivg\u00e4rning offentligg\u00f6rs p\u00e5 Arkivf\u00f6reningens h\u00f6stseminarium i november 2026.<\/p>\n\n\n\n<p class=\"wp-block-paragraph\">F\u00f6rslag med motiveringar ska skickas senast 20.10.2026 till Lena Karhu,\u00a0<a href=\"mailto:lena.karhu@svenskacentralarkivet.fi\">lena.karhu(at)svenskacentralarkivet.fi<\/a><\/p>\n\n\n\n<p class=\"wp-block-paragraph\"><\/p>\n\n\n\n<p class=\"wp-block-paragraph\">Lena Karhu<\/p>\n\n\n\n<p class=\"wp-block-paragraph\">ordf\u00f6rande<\/p>\n\n\n\n<p class=\"wp-block-paragraph\">Arkivens dag arbetsgruppen<\/p>\n\n\n\n<p class=\"wp-block-paragraph\"><\/p>\n","protected":false},"excerpt":{"rendered":"<p>\u201dArkiven och medborgarsamh\u00e4llet\u201d \u2013 Arkivens dag 2026 Vi bjuder in alla arkiv i Finland till att arrangera program och evenemang f\u00f6r att uppm\u00e4rksamma firandet av Arkivens dag 2026. \u00c5rets tema \u00e4r \u201dArkiven och medborgarsamh\u00e4llet\u201d. Temat f\u00f6r Arkivens dag kan tolkas brett och till\u00e4mpas fritt fr\u00e5n arkivens egna utg\u00e5ngspunkter. Endast fantasin s\u00e4tter gr\u00e4nser! Arkivens dag firas [&hellip;]<\/p>\n","protected":false},"author":1,"featured_media":0,"comment_status":"closed","ping_status":"open","sticky":false,"template":"","format":"standard","meta":{"footnotes":""},"categories":[2],"tags":[],"class_list":["post-1347","post","type-post","status-publish","format-standard","hentry","category-pa-svenska"],"_links":{"self":[{"href":"https:\/\/musiikkiarkisto.fi\/ap\/index.php\/wp-json\/wp\/v2\/posts\/1347","targetHints":{"allow":["GET"]}}],"collection":[{"href":"https:\/\/musiikkiarkisto.fi\/ap\/index.php\/wp-json\/wp\/v2\/posts"}],"about":[{"href":"https:\/\/musiikkiarkisto.fi\/ap\/index.php\/wp-json\/wp\/v2\/types\/post"}],"author":[{"embeddable":true,"href":"https:\/\/musiikkiarkisto.fi\/ap\/index.php\/wp-json\/wp\/v2\/users\/1"}],"replies":[{"embeddable":true,"href":"https:\/\/musiikkiarkisto.fi\/ap\/index.php\/wp-json\/wp\/v2\/comments?post=1347"}],"version-history":[{"count":1,"href":"https:\/\/musiikkiarkisto.fi\/ap\/index.php\/wp-json\/wp\/v2\/posts\/1347\/revisions"}],"predecessor-version":[{"id":1348,"href":"https:\/\/musiikkiarkisto.fi\/ap\/index.php\/wp-json\/wp\/v2\/posts\/1347\/revisions\/1348"}],"wp:attachment":[{"href":"https:\/\/musiikkiarkisto.fi\/ap\/index.php\/wp-json\/wp\/v2\/media?parent=1347"}],"wp:term":[{"taxonomy":"category","embeddable":true,"href":"https:\/\/musiikkiarkisto.fi\/ap\/index.php\/wp-json\/wp\/v2\/categories?post=1347"},{"taxonomy":"post_tag","embeddable":true,"href":"https:\/\/musiikkiarkisto.fi\/ap\/index.php\/wp-json\/wp\/v2\/tags?post=1347"}],"curies":[{"name":"wp","href":"https:\/\/api.w.org\/{rel}","templated":true}]}}