{"id":1345,"date":"2026-08-31T14:37:25","date_gmt":"2026-08-31T14:37:25","guid":{"rendered":"https:\/\/musiikkiarkisto.fi\/ap\/?p=1345"},"modified":"2026-08-31T14:37:25","modified_gmt":"2026-08-31T14:37:25","slug":"vuoden-arkistoteko-2026","status":"publish","type":"post","link":"https:\/\/musiikkiarkisto.fi\/ap\/index.php\/2026\/08\/31\/vuoden-arkistoteko-2026\/","title":{"rendered":"Vuoden arkistoteko 2026"},"content":{"rendered":"\n<p class=\"wp-block-paragraph\"><strong>\u201dArkistot ja kansalaisyhteiskunta\u201d \u2013 Arkistojen p\u00e4iv\u00e4 2026<\/strong><\/p>\n\n\n\n<p class=\"wp-block-paragraph\">Kutsumme kaikki Suomen arkistot j\u00e4rjest\u00e4m\u00e4\u00e4n vuoden 2026 Arkistojen p\u00e4iv\u00e4\u00e4n liittyv\u00e4\u00e4 toimintaa ja tapahtumia.&nbsp;<\/p>\n\n\n\n<p class=\"wp-block-paragraph\">T\u00e4m\u00e4n vuoden teema on: \u201dArkistot ja kansalaisyhteiskunta\u201d. Arkistojen p\u00e4iv\u00e4n teemaa voi tulkita laajasti ja soveltaa vapaasti omien l\u00e4ht\u00f6kohtien mukaan. Vain mielikuvitus on rajoitteena!<\/p>\n\n\n\n<p class=\"wp-block-paragraph\">Arkistojen p\u00e4iv\u00e4\u00e4 vietet\u00e4\u00e4n 14.11.2026. Ajankohta ei ole sitova \u2013 p\u00e4iv\u00e4\u00e4 voi hyvin viett\u00e4\u00e4 esimerkiksi jonain arkip\u00e4iv\u00e4n\u00e4 edelt\u00e4v\u00e4n\u00e4 tai seuraavalla viikolla.<\/p>\n\n\n\n<p class=\"wp-block-paragraph\"><strong>Vuoden arkistoteko 2026<\/strong><\/p>\n\n\n\n<p class=\"wp-block-paragraph\">Vuoden arkistoteko -palkinnoilla halutaan nostaa esille arkistojen kannalta t\u00e4rkeit\u00e4 tekoja rohkaisemalla ja palkitsemalla aktiivisuutta, hyvi\u00e4 ideoita ja konkreettista arkistoty\u00f6t\u00e4. My\u00f6s pienet mutta hyv\u00e4t teot ovat mainitsemisen arvoisia!<\/p>\n\n\n\n<p class=\"wp-block-paragraph\">Vaikuta ja ehdota! Kysymykseen voi tulla henkil\u00f6t tai ryhm\u00e4t, jotka ovat viimeisen vuoden aikana esim.<\/p>\n\n\n\n<p class=\"wp-block-paragraph\">\u2022&nbsp;&nbsp;&nbsp;&nbsp;luovuttaneet merkitt\u00e4v\u00e4\u00e4 arkistoaineistoa<\/p>\n\n\n\n<p class=\"wp-block-paragraph\">\u2022&nbsp;&nbsp;&nbsp;&nbsp;j\u00e4rjest\u00e4neet kiinnostavan arkistoihin liittyv\u00e4n tapahtuman<\/p>\n\n\n\n<p class=\"wp-block-paragraph\">\u2022&nbsp;&nbsp;&nbsp;&nbsp;kehitt\u00e4neet arkistoty\u00f6n menetelmi\u00e4<\/p>\n\n\n\n<p class=\"wp-block-paragraph\">\u2022&nbsp;&nbsp;&nbsp;&nbsp;edist\u00e4neet arkistoaineiston k\u00e4ytett\u00e4vyytt\u00e4 ja tunnettavuutta<\/p>\n\n\n\n<p class=\"wp-block-paragraph\">\u2022&nbsp;&nbsp;&nbsp;&nbsp;edist\u00e4neet arkistotieteellist\u00e4 tutkimusta tai koulutusta<\/p>\n\n\n\n<p class=\"wp-block-paragraph\">\u2022&nbsp;&nbsp;&nbsp;&nbsp;tehneet arkistoalaa tunnetuksi<\/p>\n\n\n\n<p class=\"wp-block-paragraph\">Vuoden arkistoteko julkistetaan Arkistoyhdistyksen syysseminaarissa marraskuussa 2026.<\/p>\n\n\n\n<p class=\"wp-block-paragraph\">Perustellut ehdotukset pyydet\u00e4\u00e4n toimittamaan 20.10.2026 menness\u00e4 Lena Karhulle, lena.karhu(at)svenskacentralarkivet.fi.<\/p>\n\n\n\n<p class=\"wp-block-paragraph\"><\/p>\n\n\n\n<p class=\"wp-block-paragraph\">Lena Karhu<\/p>\n\n\n\n<p class=\"wp-block-paragraph\">puheenjohtaja<\/p>\n\n\n\n<p class=\"wp-block-paragraph\">Arkistojen p\u00e4iv\u00e4n ty\u00f6ryhm\u00e4<\/p>\n","protected":false},"excerpt":{"rendered":"<p>\u201dArkistot ja kansalaisyhteiskunta\u201d \u2013 Arkistojen p\u00e4iv\u00e4 2026 Kutsumme kaikki Suomen arkistot j\u00e4rjest\u00e4m\u00e4\u00e4n vuoden 2026 Arkistojen p\u00e4iv\u00e4\u00e4n liittyv\u00e4\u00e4 toimintaa ja tapahtumia.&nbsp; T\u00e4m\u00e4n vuoden teema on: \u201dArkistot ja kansalaisyhteiskunta\u201d. Arkistojen p\u00e4iv\u00e4n teemaa voi tulkita laajasti ja soveltaa vapaasti omien l\u00e4ht\u00f6kohtien mukaan. Vain mielikuvitus on rajoitteena! Arkistojen p\u00e4iv\u00e4\u00e4 vietet\u00e4\u00e4n 14.11.2026. Ajankohta ei ole sitova \u2013 p\u00e4iv\u00e4\u00e4 voi hyvin [&hellip;]<\/p>\n","protected":false},"author":1,"featured_media":0,"comment_status":"closed","ping_status":"open","sticky":false,"template":"","format":"standard","meta":{"footnotes":""},"categories":[11],"tags":[],"class_list":["post-1345","post","type-post","status-publish","format-standard","hentry","category-tiedotteet"],"_links":{"self":[{"href":"https:\/\/musiikkiarkisto.fi\/ap\/index.php\/wp-json\/wp\/v2\/posts\/1345","targetHints":{"allow":["GET"]}}],"collection":[{"href":"https:\/\/musiikkiarkisto.fi\/ap\/index.php\/wp-json\/wp\/v2\/posts"}],"about":[{"href":"https:\/\/musiikkiarkisto.fi\/ap\/index.php\/wp-json\/wp\/v2\/types\/post"}],"author":[{"embeddable":true,"href":"https:\/\/musiikkiarkisto.fi\/ap\/index.php\/wp-json\/wp\/v2\/users\/1"}],"replies":[{"embeddable":true,"href":"https:\/\/musiikkiarkisto.fi\/ap\/index.php\/wp-json\/wp\/v2\/comments?post=1345"}],"version-history":[{"count":1,"href":"https:\/\/musiikkiarkisto.fi\/ap\/index.php\/wp-json\/wp\/v2\/posts\/1345\/revisions"}],"predecessor-version":[{"id":1346,"href":"https:\/\/musiikkiarkisto.fi\/ap\/index.php\/wp-json\/wp\/v2\/posts\/1345\/revisions\/1346"}],"wp:attachment":[{"href":"https:\/\/musiikkiarkisto.fi\/ap\/index.php\/wp-json\/wp\/v2\/media?parent=1345"}],"wp:term":[{"taxonomy":"category","embeddable":true,"href":"https:\/\/musiikkiarkisto.fi\/ap\/index.php\/wp-json\/wp\/v2\/categories?post=1345"},{"taxonomy":"post_tag","embeddable":true,"href":"https:\/\/musiikkiarkisto.fi\/ap\/index.php\/wp-json\/wp\/v2\/tags?post=1345"}],"curies":[{"name":"wp","href":"https:\/\/api.w.org\/{rel}","templated":true}]}}