{"id":1306,"date":"2025-08-18T13:02:15","date_gmt":"2025-08-18T13:02:15","guid":{"rendered":"https:\/\/musiikkiarkisto.fi\/ap\/?p=1306"},"modified":"2025-10-03T07:20:19","modified_gmt":"2025-10-03T07:20:19","slug":"arets-arkivgarning-2025","status":"publish","type":"post","link":"https:\/\/musiikkiarkisto.fi\/ap\/index.php\/2025\/08\/18\/arets-arkivgarning-2025\/","title":{"rendered":"\u00c5rets arkivg\u00e4rning 2025"},"content":{"rendered":"\n<p>Med premierandet av \u00c5rets arkivg\u00e4rning vill vi lyfta fram f\u00f6r arkiven v\u00e4rdefulla g\u00e4rningar samt premiera och uppmuntra aktivitet, bra ideer och konkret arkivarbete. Ocks\u00e5 sm\u00e5 men goda insatser \u00e4r v\u00e4rda att omn\u00e4mnas!<\/p>\n\n\n\n<p>P\u00e5verka och f\u00f6resl\u00e5! Det kan g\u00e4lla personer eller grupper som under det senaste \u00e5ret t.ex. har:<\/p>\n\n\n\n<ul class=\"wp-block-list\">\n<li>\u00f6verl\u00e5tit betydelsefullt arkivmaterial<\/li>\n\n\n\n<li>anordnat ett intressant arkivrelaterat evenemang<\/li>\n\n\n\n<li>utvecklat arbetsmetoder inom arkivbranschen<\/li>\n\n\n\n<li>befr\u00e4mjat anv\u00e4ndningen av och k\u00e4nnedomen om arkivmaterial<\/li>\n\n\n\n<li>befr\u00e4mjat arkivvetenskaplig forskning eller utbildning<\/li>\n\n\n\n<li>befr\u00e4mjat k\u00e4nnedomen om arkivbranschen<\/li>\n<\/ul>\n\n\n\n<p><strong>F\u00f6rslag med motiveringar ska skickas senast 17.10.2025 till Lena Karhu<\/strong>,\u00a0<a href=\"mailto:lena.karhu@svenskacentralarkivet.fi\">lena.karhu@svenskacentralarkivet.fi<\/a><\/p>\n\n\n\n<p>\u00c5rets arkivg\u00e4rning offentligg\u00f6rs p\u00e5 Arkivf\u00f6reningens h\u00f6stseminarium i Riksdagens Lilla parlament 31.10.2025.<\/p>\n\n\n\n<p><\/p>\n","protected":false},"excerpt":{"rendered":"<p>Med premierandet av \u00c5rets arkivg\u00e4rning vill vi lyfta fram f\u00f6r arkiven v\u00e4rdefulla g\u00e4rningar samt premiera och uppmuntra aktivitet, bra ideer och konkret arkivarbete. Ocks\u00e5 sm\u00e5 men goda insatser \u00e4r v\u00e4rda att omn\u00e4mnas! P\u00e5verka och f\u00f6resl\u00e5! Det kan g\u00e4lla personer eller grupper som under det senaste \u00e5ret t.ex. har: F\u00f6rslag med motiveringar ska skickas senast 17.10.2025 [&hellip;]<\/p>\n","protected":false},"author":1,"featured_media":0,"comment_status":"closed","ping_status":"open","sticky":false,"template":"","format":"standard","meta":{"footnotes":""},"categories":[11],"tags":[],"class_list":["post-1306","post","type-post","status-publish","format-standard","hentry","category-tiedotteet"],"_links":{"self":[{"href":"https:\/\/musiikkiarkisto.fi\/ap\/index.php\/wp-json\/wp\/v2\/posts\/1306","targetHints":{"allow":["GET"]}}],"collection":[{"href":"https:\/\/musiikkiarkisto.fi\/ap\/index.php\/wp-json\/wp\/v2\/posts"}],"about":[{"href":"https:\/\/musiikkiarkisto.fi\/ap\/index.php\/wp-json\/wp\/v2\/types\/post"}],"author":[{"embeddable":true,"href":"https:\/\/musiikkiarkisto.fi\/ap\/index.php\/wp-json\/wp\/v2\/users\/1"}],"replies":[{"embeddable":true,"href":"https:\/\/musiikkiarkisto.fi\/ap\/index.php\/wp-json\/wp\/v2\/comments?post=1306"}],"version-history":[{"count":2,"href":"https:\/\/musiikkiarkisto.fi\/ap\/index.php\/wp-json\/wp\/v2\/posts\/1306\/revisions"}],"predecessor-version":[{"id":1323,"href":"https:\/\/musiikkiarkisto.fi\/ap\/index.php\/wp-json\/wp\/v2\/posts\/1306\/revisions\/1323"}],"wp:attachment":[{"href":"https:\/\/musiikkiarkisto.fi\/ap\/index.php\/wp-json\/wp\/v2\/media?parent=1306"}],"wp:term":[{"taxonomy":"category","embeddable":true,"href":"https:\/\/musiikkiarkisto.fi\/ap\/index.php\/wp-json\/wp\/v2\/categories?post=1306"},{"taxonomy":"post_tag","embeddable":true,"href":"https:\/\/musiikkiarkisto.fi\/ap\/index.php\/wp-json\/wp\/v2\/tags?post=1306"}],"curies":[{"name":"wp","href":"https:\/\/api.w.org\/{rel}","templated":true}]}}