{"id":1168,"date":"2023-06-22T07:56:29","date_gmt":"2023-06-22T07:56:29","guid":{"rendered":"https:\/\/musiikkiarkisto.fi\/ap\/?p=1168"},"modified":"2023-06-22T07:56:29","modified_gmt":"2023-06-22T07:56:29","slug":"arkivens-dag-2023-har-som-tema-arkiven-och-djuren","status":"publish","type":"post","link":"https:\/\/musiikkiarkisto.fi\/ap\/index.php\/2023\/06\/22\/arkivens-dag-2023-har-som-tema-arkiven-och-djuren\/","title":{"rendered":"Arkivens dag 2023 har som tema \u201dArkiven och djuren\u201d"},"content":{"rendered":"\n<p>Temat kan tolkas brett och anpassas fritt enligt egna utg\u00e5ngspunkter. Endast fantasin s\u00e4tter gr\u00e4nser!<\/p>\n\n\n\n<p>Arkivens dag lyfter fram arkiven och deras verksamhet. M\u00e5ls\u00e4ttningen med temadagen \u00e4r att \u00f6ka forskarnas och medborgarnas&nbsp;&nbsp;intresse f\u00f6r dokument och data som arkiveras,&nbsp;&nbsp;att ge dem synlighet och att fr\u00e4mja diskussion kring behovet av att bevara olika typer av dokument och handlingar.<\/p>\n\n\n\n<p>Arkivens dag som firas i hela Norden betonar ocks\u00e5 arkivens roll som bevarare och fr\u00e4mjare av den fria nordiska samh\u00e4llsmodellen.<\/p>\n\n\n\n<p>Under Arkivens dag har arkiven tillf\u00e4lle att h\u00f6ja sin profil och informera om sin betydelse som f\u00f6rvaltare av kunskap och information, som samh\u00e4llets minne och som kulturinstitutioner. Arkiven firar temadagen med att ordna olika slags evenemang bl.a.\u00f6ppet hus, utst\u00e4llningar och f\u00f6redrag.<\/p>\n\n\n\n<p>Arkivens dag firas den andra l\u00f6rdagen i november. Tidpunkten \u00e4r inte bindande -dagen kan alldeles bra firas till exempel under en vardag veckan f\u00f6re eller den efterf\u00f6ljande veckan.<\/p>\n","protected":false},"excerpt":{"rendered":"<p>Temat kan tolkas brett och anpassas fritt enligt egna utg\u00e5ngspunkter. Endast fantasin s\u00e4tter gr\u00e4nser! Arkivens dag lyfter fram arkiven och deras verksamhet. M\u00e5ls\u00e4ttningen med temadagen \u00e4r att \u00f6ka forskarnas och medborgarnas&nbsp;&nbsp;intresse f\u00f6r dokument och data som arkiveras,&nbsp;&nbsp;att ge dem synlighet och att fr\u00e4mja diskussion kring behovet av att bevara olika typer av dokument och handlingar. [&hellip;]<\/p>\n","protected":false},"author":1,"featured_media":0,"comment_status":"closed","ping_status":"open","sticky":false,"template":"","format":"standard","meta":{"footnotes":""},"categories":[1],"tags":[],"class_list":["post-1168","post","type-post","status-publish","format-standard","hentry","category-uncategorized"],"_links":{"self":[{"href":"https:\/\/musiikkiarkisto.fi\/ap\/index.php\/wp-json\/wp\/v2\/posts\/1168","targetHints":{"allow":["GET"]}}],"collection":[{"href":"https:\/\/musiikkiarkisto.fi\/ap\/index.php\/wp-json\/wp\/v2\/posts"}],"about":[{"href":"https:\/\/musiikkiarkisto.fi\/ap\/index.php\/wp-json\/wp\/v2\/types\/post"}],"author":[{"embeddable":true,"href":"https:\/\/musiikkiarkisto.fi\/ap\/index.php\/wp-json\/wp\/v2\/users\/1"}],"replies":[{"embeddable":true,"href":"https:\/\/musiikkiarkisto.fi\/ap\/index.php\/wp-json\/wp\/v2\/comments?post=1168"}],"version-history":[{"count":1,"href":"https:\/\/musiikkiarkisto.fi\/ap\/index.php\/wp-json\/wp\/v2\/posts\/1168\/revisions"}],"predecessor-version":[{"id":1174,"href":"https:\/\/musiikkiarkisto.fi\/ap\/index.php\/wp-json\/wp\/v2\/posts\/1168\/revisions\/1174"}],"wp:attachment":[{"href":"https:\/\/musiikkiarkisto.fi\/ap\/index.php\/wp-json\/wp\/v2\/media?parent=1168"}],"wp:term":[{"taxonomy":"category","embeddable":true,"href":"https:\/\/musiikkiarkisto.fi\/ap\/index.php\/wp-json\/wp\/v2\/categories?post=1168"},{"taxonomy":"post_tag","embeddable":true,"href":"https:\/\/musiikkiarkisto.fi\/ap\/index.php\/wp-json\/wp\/v2\/tags?post=1168"}],"curies":[{"name":"wp","href":"https:\/\/api.w.org\/{rel}","templated":true}]}}