{"id":1165,"date":"2023-06-22T07:00:53","date_gmt":"2023-06-22T07:00:53","guid":{"rendered":"https:\/\/musiikkiarkisto.fi\/ap\/?p=1165"},"modified":"2023-06-22T07:04:50","modified_gmt":"2023-06-22T07:04:50","slug":"vuoden-2023-teema-on-arkistot-ja-elaimet","status":"publish","type":"post","link":"https:\/\/musiikkiarkisto.fi\/ap\/index.php\/2023\/06\/22\/vuoden-2023-teema-on-arkistot-ja-elaimet\/","title":{"rendered":"Vuoden 2023 Arkistojen p\u00e4iv\u00e4n teema on &#8221;Arkistot ja el\u00e4imet&#8221;"},"content":{"rendered":"\n<p>Arkistojen p\u00e4iv\u00e4n teemaa voi tulkita laajasti ja soveltaa vapaasti omien l\u00e4ht\u00f6kohtien mukaan. Vain mielikuvitus on rajoitteena!<\/p>\n\n\n\n<p>Arkistojen p\u00e4iv\u00e4 nostaa esille arkistot ja niiden toiminnan. Teemap\u00e4iv\u00e4n tavoitteena on lis\u00e4t\u00e4 tutkijoiden ja kansalaisten kiinnostusta arkistoitaviin tietoaineistoihin, tuoda niit\u00e4 n\u00e4kyville sek\u00e4 edist\u00e4\u00e4 keskustelua erilaisten tietoaineistojen s\u00e4ilytt\u00e4mistarpeista. Kaikissa Pohjoismaissa j\u00e4rjestett\u00e4v\u00e4 Arkistojen p\u00e4iv\u00e4 my\u00f6s korostaa arkistojen roolia vapaan pohjoismaisen yhteiskuntamuodon s\u00e4ilytt\u00e4jin\u00e4 ja edist\u00e4jin\u00e4.<\/p>\n\n\n\n<p>Arkistojen p\u00e4iv\u00e4n\u00e4 arkistoilla on mahdollisuus kohottaa profiiliaan ja tiedottaa merkityksest\u00e4\u00e4n tiedon s\u00e4ilytt\u00e4j\u00e4n\u00e4 ja yhteiskunnan muistina sek\u00e4 kulttuurilaitoksina. Teemap\u00e4iv\u00e4n\u00e4 arkistot j\u00e4rjest\u00e4v\u00e4t erilaisia tapahtumia, avointen ovien p\u00e4ivi\u00e4, n\u00e4yttelyit\u00e4 ja esitelm\u00e4tilaisuuksia.<\/p>\n\n\n\n<p>Arkistojen p\u00e4iv\u00e4\u00e4 vietet\u00e4\u00e4n marraskuun toisena lauantaina. Ajankohta ei ole sitova \u2013 p\u00e4iv\u00e4\u00e4 voi hyvin viett\u00e4\u00e4 esimerkiksi jonain arkip\u00e4iv\u00e4n\u00e4 edelt\u00e4v\u00e4ll\u00e4 tai seuraavalla viikolla.<\/p>\n","protected":false},"excerpt":{"rendered":"<p>Arkistojen p\u00e4iv\u00e4n teemaa voi tulkita laajasti ja soveltaa vapaasti omien l\u00e4ht\u00f6kohtien mukaan. Vain mielikuvitus on rajoitteena! Arkistojen p\u00e4iv\u00e4 nostaa esille arkistot ja niiden toiminnan. Teemap\u00e4iv\u00e4n tavoitteena on lis\u00e4t\u00e4 tutkijoiden ja kansalaisten kiinnostusta arkistoitaviin tietoaineistoihin, tuoda niit\u00e4 n\u00e4kyville sek\u00e4 edist\u00e4\u00e4 keskustelua erilaisten tietoaineistojen s\u00e4ilytt\u00e4mistarpeista. Kaikissa Pohjoismaissa j\u00e4rjestett\u00e4v\u00e4 Arkistojen p\u00e4iv\u00e4 my\u00f6s korostaa arkistojen roolia vapaan pohjoismaisen yhteiskuntamuodon [&hellip;]<\/p>\n","protected":false},"author":1,"featured_media":0,"comment_status":"closed","ping_status":"open","sticky":false,"template":"","format":"standard","meta":{"footnotes":""},"categories":[1],"tags":[],"class_list":["post-1165","post","type-post","status-publish","format-standard","hentry","category-uncategorized"],"_links":{"self":[{"href":"https:\/\/musiikkiarkisto.fi\/ap\/index.php\/wp-json\/wp\/v2\/posts\/1165","targetHints":{"allow":["GET"]}}],"collection":[{"href":"https:\/\/musiikkiarkisto.fi\/ap\/index.php\/wp-json\/wp\/v2\/posts"}],"about":[{"href":"https:\/\/musiikkiarkisto.fi\/ap\/index.php\/wp-json\/wp\/v2\/types\/post"}],"author":[{"embeddable":true,"href":"https:\/\/musiikkiarkisto.fi\/ap\/index.php\/wp-json\/wp\/v2\/users\/1"}],"replies":[{"embeddable":true,"href":"https:\/\/musiikkiarkisto.fi\/ap\/index.php\/wp-json\/wp\/v2\/comments?post=1165"}],"version-history":[{"count":3,"href":"https:\/\/musiikkiarkisto.fi\/ap\/index.php\/wp-json\/wp\/v2\/posts\/1165\/revisions"}],"predecessor-version":[{"id":1169,"href":"https:\/\/musiikkiarkisto.fi\/ap\/index.php\/wp-json\/wp\/v2\/posts\/1165\/revisions\/1169"}],"wp:attachment":[{"href":"https:\/\/musiikkiarkisto.fi\/ap\/index.php\/wp-json\/wp\/v2\/media?parent=1165"}],"wp:term":[{"taxonomy":"category","embeddable":true,"href":"https:\/\/musiikkiarkisto.fi\/ap\/index.php\/wp-json\/wp\/v2\/categories?post=1165"},{"taxonomy":"post_tag","embeddable":true,"href":"https:\/\/musiikkiarkisto.fi\/ap\/index.php\/wp-json\/wp\/v2\/tags?post=1165"}],"curies":[{"name":"wp","href":"https:\/\/api.w.org\/{rel}","templated":true}]}}