{"id":1146,"date":"2022-11-11T12:29:55","date_gmt":"2022-11-11T12:29:55","guid":{"rendered":"https:\/\/musiikkiarkisto.fi\/ap\/?p=1146"},"modified":"2022-11-11T13:51:40","modified_gmt":"2022-11-11T13:51:40","slug":"priset-for-arets-arkivgarning-tilldelas-romano-missio","status":"publish","type":"post","link":"https:\/\/musiikkiarkisto.fi\/ap\/index.php\/2022\/11\/11\/priset-for-arets-arkivgarning-tilldelas-romano-missio\/","title":{"rendered":"Priset f\u00f6r \u00c5rets arkivg\u00e4rning tilldelas Romano Missio"},"content":{"rendered":"\n<p>\u00d6verl\u00e5tandet av f\u00f6reningsarkivet Romano Missio till Riksarkivet har av Arbetsgruppen f\u00f6r Arkivens Dag tilldelats \u00c5rets arkivg\u00e4rning-priset. Det h\u00e4r betydande och omfattande arkivmaterialet som omsp\u00e4nner \u00e5ren 1904\u20132016 har hittills inte varit tillg\u00e4ngligt f\u00f6r forskare och andra av materialet intresserade.<\/p>\n\n\n\n<p>Romano Missio ry som grundades \u00e5r 1906 \u00e4r Finlands \u00e4ldsta officiella romska organisation. Materialet som \u00f6verl\u00e5tits av Romano Missio ber\u00e4ttar om de finl\u00e4ndska romernas liv ur barnskyddets, bostadspolitikens, utbildningens, spr\u00e5kets och kulturens samt den kristna missionens synvinkel.<\/p>\n\n\n\n<p>Materialet tecknar en bild av den l\u00e5nga och unika utvecklingslinjen g\u00e4llande romernas delaktighet under 1900-talet. Materialet som omfattar 11 hyllmeter best\u00e5r av manuskript, fotografier, smalfilmer och ljudupptagningar. F\u00f6rutom det material som Romano Missios verksamhet gett upphov till inneh\u00e5ller arkivet ocks\u00e5 rikligt med romers och majoritetsbefolkningens representanters andra litter\u00e4ra manuskript. Materialet bed\u00f6ms inneh\u00e5lla information om alla finl\u00e4ndska romska sl\u00e4kters historia.<\/p>\n\n\n\n<h2 class=\"wp-block-heading\">\u00c5rets arkivg\u00e4rning -hedersomn\u00e4mnande \u00e5t Digitalia och MikseiMikkeli<\/h2>\n\n\n\n<p>Arbetsgruppen f\u00f6r Arkivens Dag har beviljat \u00c5rets arkivg\u00e4rning-hedersomn\u00e4mnande \u00e5t Digitalias och MikseiMikkelis utbildningsprojekt vilka p\u00e5 ett betydande s\u00e4tt har \u00f6kat kunskapen och yrkeskunskapen som beh\u00f6vs vid digitaliseringen av arkivering och dokumentf\u00f6rvaltning.<\/p>\n\n\n\n<p>Yrkesh\u00f6gskolans Kaakkois-Suomen ammattikorkeakoulu, Nationalbibliotekets och Helsingfors universitets gemensamma forskningsenhet Digitalia har tillsammans med S:t Michels utvecklingsbolag Miksei utvecklat en ny typ av utbildning g\u00e4llande digitalisering inom tre EU-finansierade projekt. Utbildningarna har haft n\u00e4rmare 70 deltagare f\u00f6rutom fr\u00e5n S:t Michel-trakten ocks\u00e5 fr\u00e5n \u00f6vriga Finland, bland annat fr\u00e5n kommuner, mus\u00e9er och arkiv.<\/p>\n\n\n\n<p>Inom planeringsprojektet f\u00f6r utbildning av experter f\u00f6r massdigitalisering f\u00f6rberedde man sig inf\u00f6r det positiva beslutet att placera Riksarkivets center f\u00f6r massdigitalisering i S:t Michel.<\/p>\n\n\n\n<p>Expert p\u00e5 digitalisering-projektet f\u00f6rverkligade utbildning \u00e5t experter p\u00e5 digitalisering och digitiserare.&nbsp;&nbsp;Det nu p\u00e5g\u00e5ende M\u00e4stare p\u00e5 digitalisering -projektet st\u00f6der speciellt dem som arbetar inom dokumetf\u00f6rvaltningen och andra som i sitt arbete beh\u00f6ver utveckla sina f\u00e4rdigheter inom digitalisering och digitisering.<\/p>\n","protected":false},"excerpt":{"rendered":"<p>\u00d6verl\u00e5tandet av f\u00f6reningsarkivet Romano Missio till Riksarkivet har av Arbetsgruppen f\u00f6r Arkivens Dag tilldelats \u00c5rets arkivg\u00e4rning-priset. Det h\u00e4r betydande och omfattande arkivmaterialet som omsp\u00e4nner \u00e5ren 1904\u20132016 har hittills inte varit tillg\u00e4ngligt f\u00f6r forskare och andra av materialet intresserade. Romano Missio ry som grundades \u00e5r 1906 \u00e4r Finlands \u00e4ldsta officiella romska organisation. Materialet som \u00f6verl\u00e5tits av [&hellip;]<\/p>\n","protected":false},"author":1,"featured_media":1151,"comment_status":"closed","ping_status":"closed","sticky":false,"template":"","format":"standard","meta":{"footnotes":""},"categories":[2,11],"tags":[],"class_list":["post-1146","post","type-post","status-publish","format-standard","has-post-thumbnail","hentry","category-pa-svenska","category-tiedotteet"],"_links":{"self":[{"href":"https:\/\/musiikkiarkisto.fi\/ap\/index.php\/wp-json\/wp\/v2\/posts\/1146","targetHints":{"allow":["GET"]}}],"collection":[{"href":"https:\/\/musiikkiarkisto.fi\/ap\/index.php\/wp-json\/wp\/v2\/posts"}],"about":[{"href":"https:\/\/musiikkiarkisto.fi\/ap\/index.php\/wp-json\/wp\/v2\/types\/post"}],"author":[{"embeddable":true,"href":"https:\/\/musiikkiarkisto.fi\/ap\/index.php\/wp-json\/wp\/v2\/users\/1"}],"replies":[{"embeddable":true,"href":"https:\/\/musiikkiarkisto.fi\/ap\/index.php\/wp-json\/wp\/v2\/comments?post=1146"}],"version-history":[{"count":1,"href":"https:\/\/musiikkiarkisto.fi\/ap\/index.php\/wp-json\/wp\/v2\/posts\/1146\/revisions"}],"predecessor-version":[{"id":1147,"href":"https:\/\/musiikkiarkisto.fi\/ap\/index.php\/wp-json\/wp\/v2\/posts\/1146\/revisions\/1147"}],"wp:featuredmedia":[{"embeddable":true,"href":"https:\/\/musiikkiarkisto.fi\/ap\/index.php\/wp-json\/wp\/v2\/media\/1151"}],"wp:attachment":[{"href":"https:\/\/musiikkiarkisto.fi\/ap\/index.php\/wp-json\/wp\/v2\/media?parent=1146"}],"wp:term":[{"taxonomy":"category","embeddable":true,"href":"https:\/\/musiikkiarkisto.fi\/ap\/index.php\/wp-json\/wp\/v2\/categories?post=1146"},{"taxonomy":"post_tag","embeddable":true,"href":"https:\/\/musiikkiarkisto.fi\/ap\/index.php\/wp-json\/wp\/v2\/tags?post=1146"}],"curies":[{"name":"wp","href":"https:\/\/api.w.org\/{rel}","templated":true}]}}